{"id":163135,"date":"2026-09-02T08:16:46","date_gmt":"2026-09-02T08:16:46","guid":{"rendered":"https:\/\/blog.cognifit.com\/?p=163135"},"modified":"2026-09-03T16:47:03","modified_gmt":"2026-09-03T16:47:03","slug":"la-ia-redefine-como-se-cuida-la-salud-cognitiva-una-encuesta-global-revela-que-priorizan-los-profesionales","status":"publish","type":"post","link":"https:\/\/blog.cognifit.com\/es\/la-ia-redefine-como-se-cuida-la-salud-cognitiva-una-encuesta-global-revela-que-priorizan-los-profesionales\/","title":{"rendered":"La IA redefine c\u00f3mo se cuida la salud cognitiva: una encuesta global revela qu\u00e9 priorizan los profesionales"},"content":{"rendered":"\n<p><strong><strong>Una nueva encuesta global de CogniFit revela un marcado optimismo ante la IA entre los profesionales de la salud cognitiva. Al mismo tiempo, recoge demandas claras: realizar revisiones cognitivas a edades m\u00e1s tempranas, mejorar el seguimiento de los posibles efectos secundarios cognitivos de las intervenciones m\u00e9dicas e integrar mejor la salud cerebral en la atenci\u00f3n sanitaria general.<\/strong><\/strong><\/p>\n\n\n<div class=\"wp-block-image\">\n<figure class=\"aligncenter size-large\"><img loading=\"lazy\" decoding=\"async\" width=\"1024\" height=\"768\" src=\"https:\/\/blog.cognifit.com\/wp-content\/uploads\/2026\/09\/Survey-1024x768.jpg\" alt=\"\" class=\"wp-image-163123\" srcset=\"https:\/\/blog.cognifit.com\/wp-content\/uploads\/2026\/09\/Survey-1024x768.jpg 1024w, https:\/\/blog.cognifit.com\/wp-content\/uploads\/2026\/09\/Survey-300x225.jpg 300w, https:\/\/blog.cognifit.com\/wp-content\/uploads\/2026\/09\/Survey-768x576.jpg 768w, https:\/\/blog.cognifit.com\/wp-content\/uploads\/2026\/09\/Survey-1200x900.jpg 1200w, https:\/\/blog.cognifit.com\/wp-content\/uploads\/2026\/09\/Survey-1400x1050.jpg 1400w, https:\/\/blog.cognifit.com\/wp-content\/uploads\/2026\/09\/Survey.jpg 1448w\" sizes=\"auto, (max-width: 1024px) 100vw, 1024px\" \/><figcaption class=\"wp-element-caption\"><em><em>La IA podr\u00eda transformar la forma de abordar la salud cognitiva. Los profesionales consideran que hay que actuar ya. Imagen de CogniFit.&nbsp;<\/em><\/em><\/figcaption><\/figure><\/div>\n\n\n<p>Los profesionales de la salud cognitiva afrontan la era de la inteligencia artificial con optimismo, pero tambi\u00e9n tienen claro en qu\u00e9 \u00e1reas es necesario actuar desde ahora.<\/p>\n\n\n\n<p>Una <a href=\"https:\/\/www.cognifit.com\/es\/company\/insights\/global-survey-2026\" target=\"_blank\" rel=\"noopener\">nueva encuesta global de CogniFit<\/a>, en la que participaron 324 profesionales de la salud cognitiva de 43 pa\u00edses, revela que el 69 % se muestra optimista o muy optimista sobre el futuro de la atenci\u00f3n a la salud cognitiva en los pr\u00f3ximos cinco a\u00f1os. Asimismo, el 68 % considera que la era de la IA har\u00e1 de la atenci\u00f3n a la salud cognitiva una prioridad mucho m\u00e1s importante en la psicolog\u00eda y la atenci\u00f3n sanitaria, mientras que el 60 % cree que las herramientas y plataformas basadas en IA transformar\u00e1n positivamente este campo.<\/p>\n\n\n\n<p>Este optimismo, sin embargo, viene acompa\u00f1ado de expectativas claras sobre c\u00f3mo debe utilizarse la IA. Mientras que el 75 % se sentir\u00eda c\u00f3modo utiliz\u00e1ndola para generar informes y el 60 % para elaborar recomendaciones personalizadas de entrenamiento, solo el 37 % se sentir\u00eda actualmente c\u00f3modo emple\u00e1ndola como apoyo en la toma de decisiones cl\u00ednicas y el 31 % para fomentar la participaci\u00f3n activa de los pacientes.<\/p>\n\n\n\n<p>Los resultados apuntan a un futuro en el que la IA puede contribuir a ampliar y reforzar la atenci\u00f3n a la salud cognitiva, mientras los profesionales mantienen su compromiso con la evidencia cient\u00edfica, el uso adecuado de la tecnolog\u00eda y el criterio humano.<\/p>\n\n\n\n<blockquote class=\"wp-block-quote is-layout-flow wp-block-quote-is-layout-flow\">\n<p><strong>\u00abEl deterioro cognitivo no comienza el d\u00eda en que se diagnostica. Comienza a\u00f1os antes, en silencio. La IA nos permite detectar antes esas se\u00f1ales\u00bb, afirm\u00f3 Carlos Rodr\u00edguez, CEO de CogniFit.<\/strong><\/p>\n<\/blockquote>\n\n\n\n<h2 class=\"wp-block-heading\"><strong>Tres prioridades para el futuro de la salud cerebral<\/strong><\/h2>\n\n\n\n<p>M\u00e1s all\u00e1 de la IA, los profesionales trasladaron tres mensajes especialmente claros a los responsables sanitarios, el personal cl\u00ednico y las organizaciones:<\/p>\n\n\n\n<ul class=\"wp-block-list\">\n<li><strong>Integrar la salud cerebral en las estrategias generales de salud:<\/strong> el 93 % est\u00e1 de acuerdo o totalmente de acuerdo en que las empresas deber\u00edan hacer m\u00e1s por incorporar la salud cerebral y la salud mental a sus iniciativas generales de salud y formaci\u00f3n.<\/li>\n\n\n\n<li><strong>Evaluar y controlar los efectos secundarios sobre la cognici\u00f3n:<\/strong> el 80 % considera que los profesionales sanitarios deber\u00edan evaluar y realizar un seguimiento sistem\u00e1tico de estos posibles efectos al prescribir medicamentos o indicar intervenciones que conlleven anestesia o cirug\u00eda.<\/li>\n\n\n\n<li><strong>Convertir las revisiones cognitivas en una pr\u00e1ctica habitual:<\/strong> el 78 % considera que todas las personas mayores de 60 a\u00f1os deber\u00edan someterse a una breve revisi\u00f3n cognitiva anual, mientras que el 61 % afirma que estas revisiones deber\u00edan incorporarse a la pr\u00e1ctica habitual a los 50 a\u00f1os o incluso antes.<\/li>\n<\/ul>\n\n\n\n<p>Los profesionales tambi\u00e9n se\u00f1alaron qu\u00e9 hace falta para convertir esta visi\u00f3n en realidad: el 89 % reclama un mayor acceso a herramientas con validaci\u00f3n cl\u00ednica, mientras que el 87 % considera prioritario ampliar el acceso a evaluaciones e intervenciones personalizadas. El coste sigue siendo el principal obst\u00e1culo para generalizar el uso de estas herramientas, seg\u00fan el 81 % de los encuestados.<\/p>\n\n\n\n<p>La encuesta, realizada en ingl\u00e9s y espa\u00f1ol durante junio y julio de 2026, se elabor\u00f3 con la colaboraci\u00f3n de<a href=\"https:\/\/sharpbrains.com\/\" target=\"_blank\" rel=\"noopener\"> SharpBrains<\/a> para detectar tendencias incipientes entre los profesionales que utilizan la <a href=\"https:\/\/www.cognifit.com\/es\/plataforma-medica\" target=\"_blank\" rel=\"noopener\">plataforma m\u00e9dica de CogniFit<\/a>.<\/p>\n\n\n\n<blockquote class=\"wp-block-quote is-layout-flow wp-block-quote-is-layout-flow\">\n<p><strong>\u00abValoro mucho que CogniFit haya querido realizar una encuesta entre su comunidad internacional de profesionales de la salud cognitiva y compartir estos resultados tan reveladores. La salud cognitiva est\u00e1 dejando claramente de ser un tema minoritario; el reto ahora es encontrar la manera de abordarla a gran escala en la era de la IA, a lo largo de toda la vida y con el objetivo de reforzar la resiliencia y el funcionamiento cognitivo, no solo cuando algo va mal\u00bb, destac\u00f3 \u00c1lvaro Fern\u00e1ndez, CEO de SharpBrains.<\/strong><\/p>\n<\/blockquote>\n\n\n\n<p><strong>Acerca de la encuesta:<\/strong> La encuesta incluy\u00f3 a 324 usuarios profesionales de CogniFit de 43 pa\u00edses. La muestra no se dise\u00f1\u00f3 para ser estad\u00edsticamente representativa de la poblaci\u00f3n general.<\/p>\n\n\n\n<p><strong><a href=\"https:\/\/www.cognifit.com\/es\/company\" target=\"_blank\" rel=\"noopener\">Acerca de CogniFit<\/a>:<\/strong><\/p>\n\n\n\n<p>CogniFit es una empresa pionera y l\u00edder mundial en salud cognitiva. Desde 1999, la compa\u00f1\u00eda ha desarrollado una de las plataformas digitales de evaluaci\u00f3n y entrenamiento cognitivo m\u00e1s utilizadas del mundo: una soluci\u00f3n registrada ante la FDA, disponible en m\u00e1s de 18 idiomas y en la que conf\u00edan cl\u00ednicos, neuropsic\u00f3logos, investigadores, educadores y organizaciones de salud de todo el mundo. La tecnolog\u00eda de CogniFit est\u00e1 respaldada por uno de los mayores cuerpos de evidencia cient\u00edfica del sector: m\u00e1s de 200 estudios revisados por pares con la participaci\u00f3n de m\u00e1s de 18.000 personas y m\u00e1s de 110 universidades y centros de investigaci\u00f3n, incluidos m\u00e1s de 25 ensayos controlados aleatorizados, con investigaciones realizadas en instituciones como el Albert Einstein College of Medicine (publicada en The Lancet Healthy Longevity), la Icahn School of Medicine at Mount Sinai, la Universidad Johns Hopkins, la Universidad de Tel Aviv y la Universidad de Z\u00farich. La plataforma permite a los profesionales evaluar, monitorizar y entrenar la cognici\u00f3n a lo largo de toda la vida, desde condiciones del desarrollo como el TDAH hasta el m\u00e1ximo rendimiento, el envejecimiento saludable y la longevidad. M\u00e1s informaci\u00f3n en <a href=\"https:\/\/www.cognifit.com\/ciencia\" target=\"_blank\" rel=\"noopener\">www.cognifit.com\/ciencia<\/a>.<\/p>\n","protected":false},"excerpt":{"rendered":"<p>Una nueva encuesta global de CogniFit revela un marcado optimismo ante la IA entre los profesionales de la salud cognitiva. Al mismo tiempo, recoge demandas claras: realizar revisiones cognitivas a edades m\u00e1s tempranas, mejorar el seguimiento de los posibles efectos secundarios cognitivos de las intervenciones m\u00e9dicas e integrar mejor la salud cerebral en la atenci\u00f3n &hellip;<\/p>\n","protected":false},"author":3,"featured_media":163129,"comment_status":"closed","ping_status":"closed","sticky":false,"template":"","format":"standard","meta":{"_genesis_block_theme_hide_title":false,"footnotes":""},"categories":[1918],"tags":[4282,6161,6159,332,4347],"class_list":{"0":"post-163135","1":"post","2":"type-post","3":"status-publish","4":"format-standard","5":"has-post-thumbnail","6":"hentry","7":"category-noticias-de-cognifit","8":"tag-cognifit-es","9":"tag-encuesta-global","10":"tag-inteligencia-artificial","11":"tag-salud-cerebral","12":"tag-salud-cognitiva","14":"with-featured-image"},"aioseo_notices":[],"aioseo_head":"\n\t\t<!-- All in One SEO 5.0.1.1 - aioseo.com -->\n\t<meta name=\"description\" content=\"Una encuesta global de CogniFit revela c\u00f3mo ven los profesionales la IA y qu\u00e9 cambios consideran prioritarios para la salud cognitiva.\" \/>\n\t<meta name=\"robots\" content=\"max-image-preview:large\" \/>\n\t<meta name=\"author\" content=\"CogniFit\"\/>\n\t<link rel=\"canonical\" href=\"https:\/\/blog.cognifit.com\/es\/la-ia-redefine-como-se-cuida-la-salud-cognitiva-una-encuesta-global-revela-que-priorizan-los-profesionales\/\" \/>\n\t<meta name=\"generator\" content=\"All in One SEO (AIOSEO) 5.0.1.1\" \/>\n\t\t<meta property=\"og:locale\" content=\"es_ES\" \/>\n\t\t<meta property=\"og:site_name\" content=\"CogniFit Blog: Brain Health News\" \/>\n\t\t<meta property=\"og:type\" content=\"article\" \/>\n\t\t<meta property=\"og:title\" content=\"La IA redefine c\u00f3mo se cuida la salud cognitiva: una encuesta global revela qu\u00e9 priorizan los profesionales - CogniFit Blog: Brain Health News\" \/>\n\t\t<meta property=\"og:description\" content=\"Una encuesta global de CogniFit revela c\u00f3mo ven los profesionales la IA y qu\u00e9 cambios consideran prioritarios para la salud cognitiva.\" \/>\n\t\t<meta property=\"og:url\" content=\"https:\/\/blog.cognifit.com\/es\/la-ia-redefine-como-se-cuida-la-salud-cognitiva-una-encuesta-global-revela-que-priorizan-los-profesionales\/\" \/>\n\t\t<meta property=\"og:image\" content=\"https:\/\/blog.cognifit.com\/wp-content\/uploads\/2026\/09\/Survey.jpg\" \/>\n\t\t<meta property=\"og:image:secure_url\" content=\"https:\/\/blog.cognifit.com\/wp-content\/uploads\/2026\/09\/Survey.jpg\" \/>\n\t\t<meta property=\"og:image:width\" content=\"1448\" \/>\n\t\t<meta property=\"og:image:height\" content=\"1086\" \/>\n\t\t<meta property=\"article:tag\" content=\"cognifit\" \/>\n\t\t<meta property=\"article:tag\" content=\"encuesta global\" \/>\n\t\t<meta property=\"article:tag\" content=\"inteligencia artificial\" \/>\n\t\t<meta property=\"article:tag\" content=\"salud cerebral\" \/>\n\t\t<meta property=\"article:tag\" content=\"salud cognitiva\" \/>\n\t\t<meta property=\"article:published_time\" content=\"2026-09-02T08:16:46+00:00\" \/>\n\t\t<meta property=\"article:modified_time\" content=\"2026-09-03T16:47:03+00:00\" \/>\n\t\t<meta property=\"article:publisher\" content=\"https:\/\/www.facebook.com\/cognifit\" \/>\n\t\t<meta name=\"twitter:card\" content=\"summary_large_image\" \/>\n\t\t<meta name=\"twitter:site\" content=\"@cognifit\" \/>\n\t\t<meta name=\"twitter:title\" content=\"La IA redefine c\u00f3mo se cuida la salud cognitiva: una encuesta global revela qu\u00e9 priorizan los profesionales - CogniFit Blog: Brain Health News\" \/>\n\t\t<meta name=\"twitter:description\" content=\"Una encuesta global de CogniFit revela c\u00f3mo ven los profesionales la IA y qu\u00e9 cambios consideran prioritarios para la salud cognitiva.\" \/>\n\t\t<meta name=\"twitter:creator\" content=\"@cognifit\" \/>\n\t\t<meta name=\"twitter:image\" content=\"https:\/\/blog.cognifit.com\/wp-content\/uploads\/2026\/09\/Survey.jpg\" \/>\n\t\t<meta name=\"twitter:label1\" content=\"Escrito por\" \/>\n\t\t<meta name=\"twitter:data1\" content=\"CogniFit\" \/>\n\t\t<meta name=\"twitter:label2\" content=\"Tiempo de lectura estimado\" \/>\n\t\t<meta name=\"twitter:data2\" content=\"5 minutos\" \/>\n\t\t<!-- All in One SEO -->\n\n","aioseo_head_json":{"title":"La IA redefine c\u00f3mo se cuida la salud cognitiva: una encuesta global revela qu\u00e9 priorizan los profesionales - CogniFit Blog: Brain Health News","description":"Una encuesta global de CogniFit revela c\u00f3mo ven los profesionales la IA y qu\u00e9 cambios consideran prioritarios para la salud cognitiva.","canonical_url":"https:\/\/blog.cognifit.com\/es\/la-ia-redefine-como-se-cuida-la-salud-cognitiva-una-encuesta-global-revela-que-priorizan-los-profesionales\/","robots":"max-image-preview:large","keywords":"","webmasterTools":{"miscellaneous":""},"schema":null,"og:locale":"es_ES","og:site_name":"CogniFit Blog: Brain Health News","og:type":"article","og:title":"La IA redefine c\u00f3mo se cuida la salud cognitiva: una encuesta global revela qu\u00e9 priorizan los profesionales - CogniFit Blog: Brain Health News","og:description":"Una encuesta global de CogniFit revela c\u00f3mo ven los profesionales la IA y qu\u00e9 cambios consideran prioritarios para la salud cognitiva.","og:url":"https:\/\/blog.cognifit.com\/es\/la-ia-redefine-como-se-cuida-la-salud-cognitiva-una-encuesta-global-revela-que-priorizan-los-profesionales\/","og:image":"https:\/\/blog.cognifit.com\/wp-content\/uploads\/2026\/09\/Survey.jpg","og:image:secure_url":"https:\/\/blog.cognifit.com\/wp-content\/uploads\/2026\/09\/Survey.jpg","og:image:width":"1448","og:image:height":"1086","article:tag":["cognifit","encuesta global","inteligencia artificial","salud cerebral","salud cognitiva"],"article:published_time":"2026-09-02T08:16:46+00:00","article:modified_time":"2026-09-03T16:47:03+00:00","article:publisher":"https:\/\/www.facebook.com\/cognifit","twitter:card":"summary_large_image","twitter:site":"@cognifit","twitter:title":"La IA redefine c\u00f3mo se cuida la salud cognitiva: una encuesta global revela qu\u00e9 priorizan los profesionales - CogniFit Blog: Brain Health News","twitter:description":"Una encuesta global de CogniFit revela c\u00f3mo ven los profesionales la IA y qu\u00e9 cambios consideran prioritarios para la salud cognitiva.","twitter:creator":"@cognifit","twitter:image":"https:\/\/blog.cognifit.com\/wp-content\/uploads\/2026\/09\/Survey.jpg","twitter:label1":"Escrito por","twitter:data1":"CogniFit","twitter:label2":"Tiempo de lectura estimado","twitter:data2":"5 minutos"},"aioseo_meta_data":{"post_id":"163135","title":null,"description":"Una encuesta global de CogniFit revela c\u00f3mo ven los profesionales la IA y qu\u00e9 cambios consideran prioritarios para la salud cognitiva.","keywords":null,"keyphrases":{"focus":{"keyphrase":"","score":0,"analysis":{"keyphraseInTitle":{"score":0,"maxScore":9,"error":1}}},"additional":[]},"primary_term":null,"canonical_url":null,"og_title":null,"og_description":null,"og_object_type":"default","og_image_type":"featured","og_image_url":"https:\/\/blog.cognifit.com\/wp-content\/uploads\/2026\/09\/Survey.jpg","og_image_width":"1448","og_image_height":"1086","og_image_custom_url":null,"og_image_custom_fields":null,"og_video":"","og_custom_url":null,"og_article_section":null,"og_article_tags":null,"twitter_use_og":false,"twitter_card":"default","twitter_image_type":"featured","twitter_image_url":"https:\/\/blog.cognifit.com\/wp-content\/uploads\/2026\/09\/Survey.jpg","twitter_image_custom_url":null,"twitter_image_custom_fields":null,"twitter_title":null,"twitter_description":null,"schema":{"blockGraphs":[],"customGraphs":[],"default":{"data":{"Article":[],"Course":[],"Dataset":[],"FAQPage":[],"Movie":[],"Person":[],"Product":[],"ProductReview":[],"Car":[],"Recipe":[],"Service":[],"SoftwareApplication":[],"WebPage":[]},"graphName":"Article","isEnabled":true},"graphs":[]},"schema_type":"default","schema_type_options":null,"pillar_content":false,"robots_default":true,"robots_noindex":false,"robots_noarchive":false,"robots_nosnippet":false,"robots_nofollow":false,"robots_noimageindex":false,"robots_noodp":false,"robots_notranslate":false,"robots_max_snippet":"-1","robots_max_videopreview":"-1","robots_max_imagepreview":"large","priority":null,"frequency":"default","local_seo":null,"breadcrumb_settings":null,"limit_modified_date":false,"created":"2026-09-02 14:53:24","updated":"2026-09-03 16:47:04","ai":{"faqs":[],"keyPoints":[],"schemas":[],"titles":[],"descriptions":[],"socialPosts":{"email":{"subject":"","preview":"","content":""},"linkedin":[],"twitter":[],"facebook":[],"instagram":[]}},"seo_analyzer_scan_date":null,"focus_keyword":null,"additional_keywords":null,"truseo_locale":null},"aioseo_breadcrumb":"<div class=\"aioseo-breadcrumbs\"><span class=\"aioseo-breadcrumb\">\n\t\t\t<a href=\"https:\/\/blog.cognifit.com\/es\/\" title=\"Home\">Home<\/a>\n\t\t<\/span><span class=\"aioseo-breadcrumb-separator\">&raquo;<\/span><span class=\"aioseo-breadcrumb\">\n\t\t\t<a href=\"https:\/\/blog.cognifit.com\/es\/categor\u00edas\/noticias-de-cognifit\/\" title=\"Acerca de CogniFit\">Acerca de CogniFit<\/a>\n\t\t<\/span><span class=\"aioseo-breadcrumb-separator\">&raquo;<\/span><span class=\"aioseo-breadcrumb\">\n\t\t\tLa IA redefine c\u00f3mo se cuida la salud cognitiva: una encuesta global revela qu\u00e9 priorizan los profesionales\n\t\t<\/span><\/div>","aioseo_breadcrumb_json":[{"label":"Home","link":"https:\/\/blog.cognifit.com\/es\/"},{"label":"Acerca de CogniFit","link":"https:\/\/blog.cognifit.com\/es\/categor\u00edas\/noticias-de-cognifit\/"},{"label":"La IA redefine c\u00f3mo se cuida la salud cognitiva: una encuesta global revela qu\u00e9 priorizan los profesionales","link":"https:\/\/blog.cognifit.com\/es\/la-ia-redefine-como-se-cuida-la-salud-cognitiva-una-encuesta-global-revela-que-priorizan-los-profesionales\/"}],"_links":{"self":[{"href":"https:\/\/blog.cognifit.com\/es\/wp-json\/wp\/v2\/posts\/163135","targetHints":{"allow":["GET"]}}],"collection":[{"href":"https:\/\/blog.cognifit.com\/es\/wp-json\/wp\/v2\/posts"}],"about":[{"href":"https:\/\/blog.cognifit.com\/es\/wp-json\/wp\/v2\/types\/post"}],"author":[{"embeddable":true,"href":"https:\/\/blog.cognifit.com\/es\/wp-json\/wp\/v2\/users\/3"}],"replies":[{"embeddable":true,"href":"https:\/\/blog.cognifit.com\/es\/wp-json\/wp\/v2\/comments?post=163135"}],"version-history":[{"count":8,"href":"https:\/\/blog.cognifit.com\/es\/wp-json\/wp\/v2\/posts\/163135\/revisions"}],"predecessor-version":[{"id":163146,"href":"https:\/\/blog.cognifit.com\/es\/wp-json\/wp\/v2\/posts\/163135\/revisions\/163146"}],"wp:featuredmedia":[{"embeddable":true,"href":"https:\/\/blog.cognifit.com\/es\/wp-json\/wp\/v2\/media\/163129"}],"wp:attachment":[{"href":"https:\/\/blog.cognifit.com\/es\/wp-json\/wp\/v2\/media?parent=163135"}],"wp:term":[{"taxonomy":"category","embeddable":true,"href":"https:\/\/blog.cognifit.com\/es\/wp-json\/wp\/v2\/categories?post=163135"},{"taxonomy":"post_tag","embeddable":true,"href":"https:\/\/blog.cognifit.com\/es\/wp-json\/wp\/v2\/tags?post=163135"}],"curies":[{"name":"wp","href":"https:\/\/api.w.org\/{rel}","templated":true}]}}